{"id":14466,"date":"2025-02-21T08:42:07","date_gmt":"2025-02-21T06:42:07","guid":{"rendered":"https:\/\/galerijatrebnje.si\/?p=14466"},"modified":"2025-02-21T16:42:59","modified_gmt":"2025-02-21T14:42:59","slug":"self-taught-artists-among-us-local-masters-of-the-temenica-and-mirna-valleys-february-27-may-18-2025","status":"publish","type":"post","link":"https:\/\/galerijatrebnje.si\/en\/exhibitions-and-events\/self-taught-artists-among-us-local-masters-of-the-temenica-and-mirna-valleys-february-27-may-18-2025\/","title":{"rendered":"Self-Taught Artists Among Us: Local Masters of the Temenica and Mirna Valleys February 27 \u2013 May 18, 2025"},"content":{"rendered":"<p data-start=\"118\" data-end=\"575\">The exhibition <em data-start=\"133\" data-end=\"160\">Locals Present Themselves<\/em> showcases nine artists who were either born in Trebnje or the Temenica-Mirna Valley or have spent part of their lives and artistic careers in these areas. They are all connected through the Trebnje Gallery of Self-Taught Artists, which preserves their works created at the International Camps of Self-Taught Artists and other occasions. Some of the exhibited works were donated to the gallery at different times.<\/p>\n<p data-start=\"577\" data-end=\"830\">This exhibition aims to present the lives and works of these nine local self-taught artists and, through their example, inspire individuals who harbor a passion for creativity to embark on their own journey of self-fulfillment and artistic expression.<\/p>\n<p data-start=\"832\" data-end=\"855\"><strong data-start=\"832\" data-end=\"853\">Featured Artists:<\/strong><\/p>\n<ul data-start=\"856\" data-end=\"1014\">\n<li data-start=\"856\" data-end=\"873\">Viktor Magyar<\/li>\n<li data-start=\"874\" data-end=\"892\">Sandi Leskovec<\/li>\n<li data-start=\"893\" data-end=\"914\">Anton Kostanjevec<\/li>\n<li data-start=\"915\" data-end=\"930\">Stane Novak<\/li>\n<li data-start=\"931\" data-end=\"949\">Lucijan Re\u0161\u010di\u010d<\/li>\n<li data-start=\"950\" data-end=\"964\">Olga Kolar<\/li>\n<li data-start=\"965\" data-end=\"982\">Brane Praznik<\/li>\n<li data-start=\"983\" data-end=\"998\">Janez \u0160epec<\/li>\n<li data-start=\"999\" data-end=\"1014\">Ciril Pov\u0161e<\/li>\n<\/ul>\n<p data-start=\"1016\" data-end=\"1043\"><strong data-start=\"1016\" data-end=\"1041\">ACCOMPANYING PROGRAM:<\/strong><\/p>\n<ul data-start=\"1045\" data-end=\"1175\">\n<li data-start=\"1045\" data-end=\"1103\"><strong data-start=\"1047\" data-end=\"1080\">February 27, 2025, at 6:00 PM<\/strong> \u2013 Exhibition Opening<\/li>\n<li data-start=\"1104\" data-end=\"1175\"><strong data-start=\"1106\" data-end=\"1136\">March 20, 2025, at 6:00 PM<\/strong> \u2013 Multigenerational Collage Workshop<\/li>\n<\/ul>\n<p data-start=\"1177\" data-end=\"1513\" data-is-last-node=\"\" data-is-only-node=\"\"><strong data-start=\"1177\" data-end=\"1192\">Production:<\/strong> Center for Education and Culture Trebnje \u2013 Trebnje Gallery of Self-Taught Artists<br data-start=\"1274\" data-end=\"1277\" \/><strong data-start=\"1277\" data-end=\"1294\">Project Lead:<\/strong> Sabina Tori Selan<br data-start=\"1312\" data-end=\"1315\" \/><strong data-start=\"1315\" data-end=\"1338\">Exhibition Curator:<\/strong> Damjana \u0160alehar<br data-start=\"1354\" data-end=\"1357\" \/><strong data-start=\"1357\" data-end=\"1379\">Text Proofreading:<\/strong> Kristina Gregor\u010di\u010d<br data-start=\"1398\" data-end=\"1401\" data-is-only-node=\"\" \/><strong data-start=\"1401\" data-end=\"1412\">Design:<\/strong> Meta Gabrijel<br data-start=\"1426\" data-end=\"1429\" \/><strong data-start=\"1429\" data-end=\"1450\">Catalog Printing:<\/strong> Partner Graf Green Printing, d. o. o.<br data-start=\"1488\" data-end=\"1491\" \/>Trebnje, February 2025<\/p>\n","protected":false},"excerpt":{"rendered":"<p>The exhibition Locals Present Themselves showcases nine artists who were either born in Trebnje or the Temenica-Mirna Valley or have spent part of their lives and artistic careers in these areas. They are all connected through the Trebnje Gallery of Self-Taught Artists, which preserves their works created at the International Camps of Self-Taught Artists and<\/p>\n","protected":false},"author":3,"featured_media":14446,"comment_status":"closed","ping_status":"closed","sticky":false,"template":"","format":"standard","meta":{"footnotes":""},"categories":[264,266],"tags":[],"yoast_head":"<!-- This site is optimized with the Yoast SEO plugin v24.5 - https:\/\/yoast.com\/wordpress\/plugins\/seo\/ -->\n<title>Self-Taught Artists Among Us: Local Masters of the Temenica and Mirna Valleys February 27 \u2013 May 18, 2025 - Galerija likovnih samorastnikov Trebnje<\/title>\n<meta name=\"robots\" content=\"index, follow, max-snippet:-1, max-image-preview:large, max-video-preview:-1\" \/>\n<link rel=\"canonical\" href=\"https:\/\/galerijatrebnje.si\/en\/aktualna-razstava-en\/self-taught-artists-among-us-local-masters-of-the-temenica-and-mirna-valleys-february-27-may-18-2025\/\" \/>\n<meta property=\"og:locale\" content=\"en_US\" \/>\n<meta property=\"og:type\" content=\"article\" \/>\n<meta property=\"og:title\" content=\"Self-Taught Artists Among Us: Local Masters of the Temenica and Mirna Valleys February 27 \u2013 May 18, 2025 - Galerija likovnih samorastnikov Trebnje\" \/>\n<meta property=\"og:description\" content=\"The exhibition Locals Present Themselves showcases nine artists who were either born in Trebnje or the Temenica-Mirna Valley or have spent part of their lives and artistic careers in these areas. They are all connected through the Trebnje Gallery of Self-Taught Artists, which preserves their works created at the International Camps of Self-Taught Artists and\" \/>\n<meta property=\"og:url\" content=\"https:\/\/galerijatrebnje.si\/en\/aktualna-razstava-en\/self-taught-artists-among-us-local-masters-of-the-temenica-and-mirna-valleys-february-27-may-18-2025\/\" \/>\n<meta property=\"og:site_name\" content=\"Galerija likovnih samorastnikov Trebnje\" \/>\n<meta property=\"article:published_time\" content=\"2025-02-21T06:42:07+00:00\" \/>\n<meta property=\"article:modified_time\" content=\"2025-02-21T14:42:59+00:00\" \/>\n<meta property=\"og:image\" content=\"https:\/\/galerijatrebnje.si\/wp-content\/uploads\/2025\/01\/Razstava-DOMACINI-za-splet_2-2025_pravokotna-scaled.jpg\" \/>\n\t<meta property=\"og:image:width\" content=\"1920\" \/>\n\t<meta property=\"og:image:height\" content=\"1280\" \/>\n\t<meta property=\"og:image:type\" content=\"image\/jpeg\" \/>\n<meta name=\"author\" content=\"Galerija\" \/>\n<meta name=\"twitter:card\" content=\"summary_large_image\" \/>\n<meta name=\"twitter:label1\" content=\"Written by\" \/>\n\t<meta name=\"twitter:data1\" content=\"Galerija\" \/>\n\t<meta name=\"twitter:label2\" content=\"Est. reading time\" \/>\n\t<meta name=\"twitter:data2\" content=\"2 minutes\" \/>\n<script type=\"application\/ld+json\" class=\"yoast-schema-graph\">{\"@context\":\"https:\/\/schema.org\",\"@graph\":[{\"@type\":\"WebPage\",\"@id\":\"https:\/\/galerijatrebnje.si\/en\/aktualna-razstava-en\/self-taught-artists-among-us-local-masters-of-the-temenica-and-mirna-valleys-february-27-may-18-2025\/\",\"url\":\"https:\/\/galerijatrebnje.si\/en\/aktualna-razstava-en\/self-taught-artists-among-us-local-masters-of-the-temenica-and-mirna-valleys-february-27-may-18-2025\/\",\"name\":\"Self-Taught Artists Among Us: Local Masters of the Temenica and Mirna Valleys February 27 \u2013 May 18, 2025 - Galerija likovnih samorastnikov Trebnje\",\"isPartOf\":{\"@id\":\"https:\/\/galerijatrebnje.si\/#website\"},\"primaryImageOfPage\":{\"@id\":\"https:\/\/galerijatrebnje.si\/en\/aktualna-razstava-en\/self-taught-artists-among-us-local-masters-of-the-temenica-and-mirna-valleys-february-27-may-18-2025\/#primaryimage\"},\"image\":{\"@id\":\"https:\/\/galerijatrebnje.si\/en\/aktualna-razstava-en\/self-taught-artists-among-us-local-masters-of-the-temenica-and-mirna-valleys-february-27-may-18-2025\/#primaryimage\"},\"thumbnailUrl\":\"https:\/\/galerijatrebnje.si\/wp-content\/uploads\/2025\/01\/Razstava-DOMACINI-za-splet_2-2025_pravokotna-scaled.jpg\",\"datePublished\":\"2025-02-21T06:42:07+00:00\",\"dateModified\":\"2025-02-21T14:42:59+00:00\",\"author\":{\"@id\":\"https:\/\/galerijatrebnje.si\/#\/schema\/person\/342a9cbe93ab5a8b928b262f8b65f84b\"},\"breadcrumb\":{\"@id\":\"https:\/\/galerijatrebnje.si\/en\/aktualna-razstava-en\/self-taught-artists-among-us-local-masters-of-the-temenica-and-mirna-valleys-february-27-may-18-2025\/#breadcrumb\"},\"inLanguage\":\"en-US\",\"potentialAction\":[{\"@type\":\"ReadAction\",\"target\":[\"https:\/\/galerijatrebnje.si\/en\/aktualna-razstava-en\/self-taught-artists-among-us-local-masters-of-the-temenica-and-mirna-valleys-february-27-may-18-2025\/\"]}]},{\"@type\":\"ImageObject\",\"inLanguage\":\"en-US\",\"@id\":\"https:\/\/galerijatrebnje.si\/en\/aktualna-razstava-en\/self-taught-artists-among-us-local-masters-of-the-temenica-and-mirna-valleys-february-27-may-18-2025\/#primaryimage\",\"url\":\"https:\/\/galerijatrebnje.si\/wp-content\/uploads\/2025\/01\/Razstava-DOMACINI-za-splet_2-2025_pravokotna-scaled.jpg\",\"contentUrl\":\"https:\/\/galerijatrebnje.si\/wp-content\/uploads\/2025\/01\/Razstava-DOMACINI-za-splet_2-2025_pravokotna-scaled.jpg\",\"width\":1920,\"height\":1280},{\"@type\":\"BreadcrumbList\",\"@id\":\"https:\/\/galerijatrebnje.si\/en\/aktualna-razstava-en\/self-taught-artists-among-us-local-masters-of-the-temenica-and-mirna-valleys-february-27-may-18-2025\/#breadcrumb\",\"itemListElement\":[{\"@type\":\"ListItem\",\"position\":1,\"name\":\"Home\",\"item\":\"https:\/\/galerijatrebnje.si\/en\/\"},{\"@type\":\"ListItem\",\"position\":2,\"name\":\"Self-Taught Artists Among Us: Local Masters of the Temenica and Mirna Valleys February 27 \u2013 May 18, 2025\"}]},{\"@type\":\"WebSite\",\"@id\":\"https:\/\/galerijatrebnje.si\/#website\",\"url\":\"https:\/\/galerijatrebnje.si\/\",\"name\":\"Galerija likovnih samorastnikov Trebnje\",\"description\":\"\",\"potentialAction\":[{\"@type\":\"SearchAction\",\"target\":{\"@type\":\"EntryPoint\",\"urlTemplate\":\"https:\/\/galerijatrebnje.si\/?s={search_term_string}\"},\"query-input\":{\"@type\":\"PropertyValueSpecification\",\"valueRequired\":true,\"valueName\":\"search_term_string\"}}],\"inLanguage\":\"en-US\"},{\"@type\":\"Person\",\"@id\":\"https:\/\/galerijatrebnje.si\/#\/schema\/person\/342a9cbe93ab5a8b928b262f8b65f84b\",\"name\":\"Galerija\",\"image\":{\"@type\":\"ImageObject\",\"inLanguage\":\"en-US\",\"@id\":\"https:\/\/galerijatrebnje.si\/#\/schema\/person\/image\/\",\"url\":\"https:\/\/secure.gravatar.com\/avatar\/72842b7b04febf310ba4dea0f467e017?s=96&d=mm&r=g\",\"contentUrl\":\"https:\/\/secure.gravatar.com\/avatar\/72842b7b04febf310ba4dea0f467e017?s=96&d=mm&r=g\",\"caption\":\"Galerija\"},\"url\":false}]}<\/script>\n<!-- \/ Yoast SEO plugin. -->","yoast_head_json":{"title":"Self-Taught Artists Among Us: Local Masters of the Temenica and Mirna Valleys February 27 \u2013 May 18, 2025 - Galerija likovnih samorastnikov Trebnje","robots":{"index":"index","follow":"follow","max-snippet":"max-snippet:-1","max-image-preview":"max-image-preview:large","max-video-preview":"max-video-preview:-1"},"canonical":"https:\/\/galerijatrebnje.si\/en\/aktualna-razstava-en\/self-taught-artists-among-us-local-masters-of-the-temenica-and-mirna-valleys-february-27-may-18-2025\/","og_locale":"en_US","og_type":"article","og_title":"Self-Taught Artists Among Us: Local Masters of the Temenica and Mirna Valleys February 27 \u2013 May 18, 2025 - Galerija likovnih samorastnikov Trebnje","og_description":"The exhibition Locals Present Themselves showcases nine artists who were either born in Trebnje or the Temenica-Mirna Valley or have spent part of their lives and artistic careers in these areas. They are all connected through the Trebnje Gallery of Self-Taught Artists, which preserves their works created at the International Camps of Self-Taught Artists and","og_url":"https:\/\/galerijatrebnje.si\/en\/aktualna-razstava-en\/self-taught-artists-among-us-local-masters-of-the-temenica-and-mirna-valleys-february-27-may-18-2025\/","og_site_name":"Galerija likovnih samorastnikov Trebnje","article_published_time":"2025-02-21T06:42:07+00:00","article_modified_time":"2025-02-21T14:42:59+00:00","og_image":[{"width":1920,"height":1280,"url":"https:\/\/galerijatrebnje.si\/wp-content\/uploads\/2025\/01\/Razstava-DOMACINI-za-splet_2-2025_pravokotna-scaled.jpg","type":"image\/jpeg"}],"author":"Galerija","twitter_card":"summary_large_image","twitter_misc":{"Written by":"Galerija","Est. reading time":"2 minutes"},"schema":{"@context":"https:\/\/schema.org","@graph":[{"@type":"WebPage","@id":"https:\/\/galerijatrebnje.si\/en\/aktualna-razstava-en\/self-taught-artists-among-us-local-masters-of-the-temenica-and-mirna-valleys-february-27-may-18-2025\/","url":"https:\/\/galerijatrebnje.si\/en\/aktualna-razstava-en\/self-taught-artists-among-us-local-masters-of-the-temenica-and-mirna-valleys-february-27-may-18-2025\/","name":"Self-Taught Artists Among Us: Local Masters of the Temenica and Mirna Valleys February 27 \u2013 May 18, 2025 - Galerija likovnih samorastnikov Trebnje","isPartOf":{"@id":"https:\/\/galerijatrebnje.si\/#website"},"primaryImageOfPage":{"@id":"https:\/\/galerijatrebnje.si\/en\/aktualna-razstava-en\/self-taught-artists-among-us-local-masters-of-the-temenica-and-mirna-valleys-february-27-may-18-2025\/#primaryimage"},"image":{"@id":"https:\/\/galerijatrebnje.si\/en\/aktualna-razstava-en\/self-taught-artists-among-us-local-masters-of-the-temenica-and-mirna-valleys-february-27-may-18-2025\/#primaryimage"},"thumbnailUrl":"https:\/\/galerijatrebnje.si\/wp-content\/uploads\/2025\/01\/Razstava-DOMACINI-za-splet_2-2025_pravokotna-scaled.jpg","datePublished":"2025-02-21T06:42:07+00:00","dateModified":"2025-02-21T14:42:59+00:00","author":{"@id":"https:\/\/galerijatrebnje.si\/#\/schema\/person\/342a9cbe93ab5a8b928b262f8b65f84b"},"breadcrumb":{"@id":"https:\/\/galerijatrebnje.si\/en\/aktualna-razstava-en\/self-taught-artists-among-us-local-masters-of-the-temenica-and-mirna-valleys-february-27-may-18-2025\/#breadcrumb"},"inLanguage":"en-US","potentialAction":[{"@type":"ReadAction","target":["https:\/\/galerijatrebnje.si\/en\/aktualna-razstava-en\/self-taught-artists-among-us-local-masters-of-the-temenica-and-mirna-valleys-february-27-may-18-2025\/"]}]},{"@type":"ImageObject","inLanguage":"en-US","@id":"https:\/\/galerijatrebnje.si\/en\/aktualna-razstava-en\/self-taught-artists-among-us-local-masters-of-the-temenica-and-mirna-valleys-february-27-may-18-2025\/#primaryimage","url":"https:\/\/galerijatrebnje.si\/wp-content\/uploads\/2025\/01\/Razstava-DOMACINI-za-splet_2-2025_pravokotna-scaled.jpg","contentUrl":"https:\/\/galerijatrebnje.si\/wp-content\/uploads\/2025\/01\/Razstava-DOMACINI-za-splet_2-2025_pravokotna-scaled.jpg","width":1920,"height":1280},{"@type":"BreadcrumbList","@id":"https:\/\/galerijatrebnje.si\/en\/aktualna-razstava-en\/self-taught-artists-among-us-local-masters-of-the-temenica-and-mirna-valleys-february-27-may-18-2025\/#breadcrumb","itemListElement":[{"@type":"ListItem","position":1,"name":"Home","item":"https:\/\/galerijatrebnje.si\/en\/"},{"@type":"ListItem","position":2,"name":"Self-Taught Artists Among Us: Local Masters of the Temenica and Mirna Valleys February 27 \u2013 May 18, 2025"}]},{"@type":"WebSite","@id":"https:\/\/galerijatrebnje.si\/#website","url":"https:\/\/galerijatrebnje.si\/","name":"Galerija likovnih samorastnikov Trebnje","description":"","potentialAction":[{"@type":"SearchAction","target":{"@type":"EntryPoint","urlTemplate":"https:\/\/galerijatrebnje.si\/?s={search_term_string}"},"query-input":{"@type":"PropertyValueSpecification","valueRequired":true,"valueName":"search_term_string"}}],"inLanguage":"en-US"},{"@type":"Person","@id":"https:\/\/galerijatrebnje.si\/#\/schema\/person\/342a9cbe93ab5a8b928b262f8b65f84b","name":"Galerija","image":{"@type":"ImageObject","inLanguage":"en-US","@id":"https:\/\/galerijatrebnje.si\/#\/schema\/person\/image\/","url":"https:\/\/secure.gravatar.com\/avatar\/72842b7b04febf310ba4dea0f467e017?s=96&d=mm&r=g","contentUrl":"https:\/\/secure.gravatar.com\/avatar\/72842b7b04febf310ba4dea0f467e017?s=96&d=mm&r=g","caption":"Galerija"},"url":false}]}},"_links":{"self":[{"href":"https:\/\/galerijatrebnje.si\/en\/wp-json\/wp\/v2\/posts\/14466"}],"collection":[{"href":"https:\/\/galerijatrebnje.si\/en\/wp-json\/wp\/v2\/posts"}],"about":[{"href":"https:\/\/galerijatrebnje.si\/en\/wp-json\/wp\/v2\/types\/post"}],"author":[{"embeddable":true,"href":"https:\/\/galerijatrebnje.si\/en\/wp-json\/wp\/v2\/users\/3"}],"replies":[{"embeddable":true,"href":"https:\/\/galerijatrebnje.si\/en\/wp-json\/wp\/v2\/comments?post=14466"}],"version-history":[{"count":1,"href":"https:\/\/galerijatrebnje.si\/en\/wp-json\/wp\/v2\/posts\/14466\/revisions"}],"predecessor-version":[{"id":14467,"href":"https:\/\/galerijatrebnje.si\/en\/wp-json\/wp\/v2\/posts\/14466\/revisions\/14467"}],"wp:featuredmedia":[{"embeddable":true,"href":"https:\/\/galerijatrebnje.si\/en\/wp-json\/wp\/v2\/media\/14446"}],"wp:attachment":[{"href":"https:\/\/galerijatrebnje.si\/en\/wp-json\/wp\/v2\/media?parent=14466"}],"wp:term":[{"taxonomy":"category","embeddable":true,"href":"https:\/\/galerijatrebnje.si\/en\/wp-json\/wp\/v2\/categories?post=14466"},{"taxonomy":"post_tag","embeddable":true,"href":"https:\/\/galerijatrebnje.si\/en\/wp-json\/wp\/v2\/tags?post=14466"}],"curies":[{"name":"wp","href":"https:\/\/api.w.org\/{rel}","templated":true}]}}